{"id":3846,"date":"2025-09-17T08:17:28","date_gmt":"2025-09-17T06:17:28","guid":{"rendered":"http:\/\/www.fanclub-sorrento-eppelborn.de\/?p=3846"},"modified":"2025-09-17T08:17:28","modified_gmt":"2025-09-17T06:17:28","slug":"amtsblatt-19-09-2025","status":"publish","type":"post","link":"http:\/\/www.fanclub-sorrento-eppelborn.de\/?p=3846","title":{"rendered":"Amtsblatt &#8211; 19.09.2025"},"content":{"rendered":"\n<p><strong>FCS FAN-CLUB \u201cSORRENTO\u201d EPPELBORN<\/strong><\/p>\n\n\n\n<p><strong>News:<\/strong><\/p>\n\n\n\n<p>Der 1. FC Saarbr\u00fccken l\u00e4dt seine Mitglieder zur au\u00dferordentlichen Mitgliederversammlung am Samstag, den 11. Oktober 2025, in die Saarlandhalle Saarbr\u00fccken ein. Einlass ist ab 14:00 Uhr, die Versammlung beginnt um 15:30 Uhr. Es wird darum gebeten den g\u00fcltigen Mitgliedsausweis 2025 am Einlass vorzuzeigen.<\/p>\n\n\n\n<p><strong>Profis \u2013 3. Bundesliga \u2013 05. Spieltag<\/strong><\/p>\n\n\n\n<p><strong>VfB Stuttgart ll \u2013 FC Saarbr\u00fccken&nbsp;&nbsp; 1 : 3&nbsp; ( 1 : 2 )<\/strong><\/p>\n\n\n\n<p><strong>FCS:<\/strong> Menzel \u2013 Wilhelm, Bichsel, Sonnenberg &nbsp;\u2013 Schumacher (82\u2018 Bretschneider), Rizzuto, Krahn, Rabihic (82\u2018 Kamara), Elongo-Yombo (88\u2018 Multhaup) \u2013 Pick (71\u2018 Civeja), Br\u00fcnker (88\u2018 Schmidt)<\/p>\n\n\n\n<p><strong>Tore:<\/strong> 0:1 Krahn (04\u2018), 1:1 Darvich (10\u2018), 1:2 Pick (13\u2018), 1:3 Rizzuto (90\u2018)<\/p>\n\n\n\n<p><strong>Zuschauer: <\/strong>2.350<\/p>\n\n\n\n<p><strong>Profis \u2013 3. Bundesliga \u2013 06. Spieltag<\/strong><\/p>\n\n\n\n<p><strong>FC Saarbr\u00fccken \u2013 SSV Ulm&nbsp;&nbsp; 3 : 1&nbsp; ( 1 : 0 )<\/strong><\/p>\n\n\n\n<p><strong>FCS:<\/strong> Menzel \u2013 Wilhelm, Bichsel, Sonnenberg &nbsp;\u2013 Bretschneider, Rizzuto, Krahn, Rabihic (61\u2018 Civeja), Elongo-Yombo (82\u2018 Multhaup) \u2013 Pick (89\u2018 Bormuth), Br\u00fcnker (82\u2018 Schmidt)<\/p>\n\n\n\n<p><strong>Tore:<\/strong> 1:0 Pick (05\u2018), 1:1 Seegert (55\u2018), 2:1 Pick (68\u2018), 3:1 Schmidt (87\u2018)<\/p>\n\n\n\n<p><strong>Zuschauer: <\/strong>11.829<\/p>\n\n\n\n<p><strong>Ergebnisse:<\/strong><\/p>\n\n\n\n<p><strong>DFB \u2013 Nachwuchsliga \u2013 U19<\/strong><\/p>\n\n\n\n<p>FC Saarbr\u00fccken \u2013 TSG Hoffenheim&nbsp;&nbsp; 0 : 6&nbsp; ( 0 : 4 )<\/p>\n\n\n\n<p><strong>DFB \u2013 Nachwuchsliga \u2013 U17<\/strong><\/p>\n\n\n\n<p>FC Saarbr\u00fccken \u2013 SV Darmstadt 98&nbsp;&nbsp; 2 : 1&nbsp; ( 1 : 0 )<\/p>\n\n\n\n<p><strong>Regionalliga \u2013 U15<\/strong><\/p>\n\n\n\n<p>TuS Koblenz \u2013 FC Saarbr\u00fccken&nbsp;&nbsp; 3 : 2&nbsp; ( 2 : 2 )<\/p>\n\n\n\n<p><strong>Vorschau:<\/strong><\/p>\n\n\n\n<p>19.09.2025 \/ 19.00 Uhr \/ FC Saarbr\u00fccken \u2013 FC Schweinfurt \/ Profis<\/p>\n\n\n\n<p>20.09.2025 \/ 16.00 Uhr \/ SC Reisbach \u2013 FC Saarbr\u00fccken \/ U23<\/p>\n\n\n\n<p>21.09.2025 \/ 13.00 Uhr \/ Karlsruher SC \u2013 FC Saarbr\u00fccken \/ U19<\/p>\n\n\n\n<p>21.09.2025 \/ 12.00 Uhr \/ SV Elversberg \u2013 FC Saarbr\u00fccken \/ U17<\/p>\n\n\n\n<p>20.09.2025 \/ 14.30 Uhr \/ FC Saarbr\u00fccken \u2013 Wormatia Worms \/ U15<\/p>\n","protected":false},"excerpt":{"rendered":"<p>FCS FAN-CLUB \u201cSORRENTO\u201d EPPELBORN News: Der 1. FC Saarbr\u00fccken l\u00e4dt seine Mitglieder zur au\u00dferordentlichen Mitgliederversammlung am Samstag, den 11. Oktober 2025, in die Saarlandhalle Saarbr\u00fccken ein. Einlass ist ab 14:00 Uhr, die Versammlung beginnt um 15:30 Uhr. Es wird darum gebeten den g\u00fcltigen Mitgliedsausweis 2025 am Einlass vorzuzeigen. Profis \u2013 3. Bundesliga \u2013 05. Spieltag [&hellip;]<\/p>\n","protected":false},"author":4,"featured_media":0,"comment_status":"closed","ping_status":"open","sticky":false,"template":"","format":"standard","meta":[],"categories":[2],"tags":[],"_links":{"self":[{"href":"http:\/\/www.fanclub-sorrento-eppelborn.de\/index.php?rest_route=\/wp\/v2\/posts\/3846"}],"collection":[{"href":"http:\/\/www.fanclub-sorrento-eppelborn.de\/index.php?rest_route=\/wp\/v2\/posts"}],"about":[{"href":"http:\/\/www.fanclub-sorrento-eppelborn.de\/index.php?rest_route=\/wp\/v2\/types\/post"}],"author":[{"embeddable":true,"href":"http:\/\/www.fanclub-sorrento-eppelborn.de\/index.php?rest_route=\/wp\/v2\/users\/4"}],"replies":[{"embeddable":true,"href":"http:\/\/www.fanclub-sorrento-eppelborn.de\/index.php?rest_route=%2Fwp%2Fv2%2Fcomments&post=3846"}],"version-history":[{"count":1,"href":"http:\/\/www.fanclub-sorrento-eppelborn.de\/index.php?rest_route=\/wp\/v2\/posts\/3846\/revisions"}],"predecessor-version":[{"id":3847,"href":"http:\/\/www.fanclub-sorrento-eppelborn.de\/index.php?rest_route=\/wp\/v2\/posts\/3846\/revisions\/3847"}],"wp:attachment":[{"href":"http:\/\/www.fanclub-sorrento-eppelborn.de\/index.php?rest_route=%2Fwp%2Fv2%2Fmedia&parent=3846"}],"wp:term":[{"taxonomy":"category","embeddable":true,"href":"http:\/\/www.fanclub-sorrento-eppelborn.de\/index.php?rest_route=%2Fwp%2Fv2%2Fcategories&post=3846"},{"taxonomy":"post_tag","embeddable":true,"href":"http:\/\/www.fanclub-sorrento-eppelborn.de\/index.php?rest_route=%2Fwp%2Fv2%2Ftags&post=3846"}],"curies":[{"name":"wp","href":"https:\/\/api.w.org\/{rel}","templated":true}]}}